{"id":2794,"date":"2024-09-27T14:07:04","date_gmt":"2024-09-27T12:07:04","guid":{"rendered":"https:\/\/zd-lendava.si\/?p=2794"},"modified":"2024-09-27T14:07:06","modified_gmt":"2024-09-27T12:07:06","slug":"szezonalis-influenza-es-covid-19-elleni-vedooltas","status":"publish","type":"post","link":"https:\/\/zd-lendava.si\/hu\/szezonalis-influenza-es-covid-19-elleni-vedooltas\/","title":{"rendered":"SZEZON\u00c1LIS INFLUENZA \u00c9S COVID-19 ELLENI V\u00c9D\u0150OLT\u00c1S"},"content":{"rendered":"\n<p>Tisztelt Polg\u00e1rok!<\/p>\n\n\n\n<p><strong><u>2024. okt\u00f3ber 1-j\u00e9n 14.00 \u00e9s 16.30 \u00f3ra k\u00f6z\u00f6tt<\/u><\/strong><\/p>\n\n\n\n<p><strong><u>a LENDVAI EG\u00c9SZS\u00c9GH\u00c1ZBAN (F\u00d6LDSZINT)<\/u><\/strong><\/p>\n\n\n\n<p>elkezdj\u00fck a szezon\u00e1lis influenza elleni v\u00e9d\u0151olt\u00e1st.<\/p>\n\n\n\n<p>Egy id\u0151ben felvehetik a Covid-19 elleni v\u00e9d\u0151olt\u00e1st is.<\/p>\n\n\n\n<p>Tov\u00e1bbi olt\u00e1si id\u0151pontok:<\/p>\n\n\n\n<p><strong>2024. okt\u00f3ber 2., 2024. okt\u00f3ber 8., 2024. okt\u00f3ber 9., 2024. okt\u00f3ber 16., 2024. okt\u00f3ber 23. 14.00 \u00e9s 16.30 \u00f3ra k\u00f6z\u00f6tt<\/strong><\/p>\n\n\n\n<p>El\u0151jegyz\u00e9s nem sz\u00fcks\u00e9ges (eg\u00e9szs\u00e9gbiztos\u00edt\u00e1si k\u00e1rtya \u00e9s olt\u00e1si k\u00f6nyv sz\u00fcks\u00e9ges, ha van). Az olt\u00e1sra akut fert\u0151z\u00e9s (l\u00e1z, torokf\u00e1j\u00e1s, fejf\u00e1j\u00e1s, orrfoly\u00e1s&#8230;) jelei n\u00e9lk\u00fcl kell \u00e9rkezni.<\/p>\n","protected":false},"excerpt":{"rendered":"<p>Tisztelt Polg\u00e1rok! 2024. okt\u00f3ber 1-j\u00e9n 14.00 \u00e9s 16.30 \u00f3ra k\u00f6z\u00f6tt a LENDVAI EG\u00c9SZS\u00c9GH\u00c1ZBAN (F\u00d6LDSZINT) elkezdj\u00fck a szezon\u00e1lis influenza elleni v\u00e9d\u0151olt\u00e1st. Egy id\u0151ben felvehetik a Covid-19 elleni v\u00e9d\u0151olt\u00e1st is. Tov\u00e1bbi olt\u00e1si id\u0151pontok: 2024. okt\u00f3ber 2., 2024. okt\u00f3ber 8., 2024. okt\u00f3ber 9., 2024. okt\u00f3ber 16., 2024. okt\u00f3ber 23. 14.00 \u00e9s 16.30 \u00f3ra k\u00f6z\u00f6tt El\u0151jegyz\u00e9s nem sz\u00fcks\u00e9ges (eg\u00e9szs\u00e9gbiztos\u00edt\u00e1si [&hellip;]<\/p>\n","protected":false},"author":7,"featured_media":0,"comment_status":"closed","ping_status":"closed","sticky":false,"template":"","format":"standard","meta":{"_acf_changed":false,"footnotes":""},"categories":[],"tags":[],"class_list":["post-2794","post","type-post","status-publish","format-standard","hentry"],"acf":[],"_links":{"self":[{"href":"https:\/\/zd-lendava.si\/hu\/wp-json\/wp\/v2\/posts\/2794","targetHints":{"allow":["GET"]}}],"collection":[{"href":"https:\/\/zd-lendava.si\/hu\/wp-json\/wp\/v2\/posts"}],"about":[{"href":"https:\/\/zd-lendava.si\/hu\/wp-json\/wp\/v2\/types\/post"}],"author":[{"embeddable":true,"href":"https:\/\/zd-lendava.si\/hu\/wp-json\/wp\/v2\/users\/7"}],"replies":[{"embeddable":true,"href":"https:\/\/zd-lendava.si\/hu\/wp-json\/wp\/v2\/comments?post=2794"}],"version-history":[{"count":0,"href":"https:\/\/zd-lendava.si\/hu\/wp-json\/wp\/v2\/posts\/2794\/revisions"}],"wp:attachment":[{"href":"https:\/\/zd-lendava.si\/hu\/wp-json\/wp\/v2\/media?parent=2794"}],"wp:term":[{"taxonomy":"category","embeddable":true,"href":"https:\/\/zd-lendava.si\/hu\/wp-json\/wp\/v2\/categories?post=2794"},{"taxonomy":"post_tag","embeddable":true,"href":"https:\/\/zd-lendava.si\/hu\/wp-json\/wp\/v2\/tags?post=2794"}],"curies":[{"name":"wp","href":"https:\/\/api.w.org\/{rel}","templated":true}]}}