{"id":2955,"date":"2024-11-28T14:08:49","date_gmt":"2024-11-28T13:08:49","guid":{"rendered":"https:\/\/zd-lendava.si\/?p=2955"},"modified":"2024-11-29T09:11:33","modified_gmt":"2024-11-29T08:11:33","slug":"szezonalis-influenza-es-covid-19-elleni-vedooltas-2","status":"publish","type":"post","link":"https:\/\/zd-lendava.si\/hu\/szezonalis-influenza-es-covid-19-elleni-vedooltas-2\/","title":{"rendered":"SZEZON\u00c1LIS INFLUENZA \u00c9S COVID-19 ELLENI V\u00c9D\u0150OLT\u00c1S"},"content":{"rendered":"\n<p>Tisztelt Polg\u00e1rok!<\/p>\n\n\n\n<p><strong><u>DECEMBERBEN is folytatjuk a <\/u><\/strong>szezon\u00e1lis influenza elleni v\u00e9d\u0151olt\u00e1st<strong><u> 14.00 \u00e9s 16.30 \u00f3ra k\u00f6z\u00f6tt<\/u><\/strong><\/p>\n\n\n\n<p><strong><u>a LENDVAI EG\u00c9SZS\u00c9GH\u00c1ZBAN (F\u00d6LDSZINT).<\/u><\/strong><\/p>\n\n\n\n<p>Egy id\u0151ben felvehetik a Covid-19 elleni v\u00e9d\u0151olt\u00e1st is.<\/p>\n\n\n\n<p>Olt\u00e1si id\u0151pontok:<\/p>\n\n\n\n<p><strong>2024. december 4., 2024. december 11.<\/strong><\/p>\n\n\n\n<p><strong><u>14.00 \u00e9s 16.30 \u00f3ra k\u00f6z\u00f6tt.<\/u><\/strong><strong><\/strong><\/p>\n\n\n\n<p><\/p>\n\n\n\n<p>El\u0151jegyz\u00e9s nem sz\u00fcks\u00e9ges (eg\u00e9szs\u00e9gbiztos\u00edt\u00e1si k\u00e1rtya \u00e9s olt\u00e1si k\u00f6nyv sz\u00fcks\u00e9ges, ha van). Az olt\u00e1sra akut fert\u0151z\u00e9s (l\u00e1z, torokf\u00e1j\u00e1s, fejf\u00e1j\u00e1s, orrfoly\u00e1s&#8230;) jelei n\u00e9lk\u00fcl kell \u00e9rkezni.<\/p>\n","protected":false},"excerpt":{"rendered":"<p>Tisztelt Polg\u00e1rok! DECEMBERBEN is folytatjuk a szezon\u00e1lis influenza elleni v\u00e9d\u0151olt\u00e1st 14.00 \u00e9s 16.30 \u00f3ra k\u00f6z\u00f6tt a LENDVAI EG\u00c9SZS\u00c9GH\u00c1ZBAN (F\u00d6LDSZINT). Egy id\u0151ben felvehetik a Covid-19 elleni v\u00e9d\u0151olt\u00e1st is. Olt\u00e1si id\u0151pontok: 2024. december 4., 2024. december 11. 14.00 \u00e9s 16.30 \u00f3ra k\u00f6z\u00f6tt. El\u0151jegyz\u00e9s nem sz\u00fcks\u00e9ges (eg\u00e9szs\u00e9gbiztos\u00edt\u00e1si k\u00e1rtya \u00e9s olt\u00e1si k\u00f6nyv sz\u00fcks\u00e9ges, ha van). Az olt\u00e1sra akut fert\u0151z\u00e9s [&hellip;]<\/p>\n","protected":false},"author":7,"featured_media":0,"comment_status":"closed","ping_status":"closed","sticky":false,"template":"","format":"standard","meta":{"_acf_changed":false,"footnotes":""},"categories":[],"tags":[],"class_list":["post-2955","post","type-post","status-publish","format-standard","hentry"],"acf":[],"_links":{"self":[{"href":"https:\/\/zd-lendava.si\/hu\/wp-json\/wp\/v2\/posts\/2955","targetHints":{"allow":["GET"]}}],"collection":[{"href":"https:\/\/zd-lendava.si\/hu\/wp-json\/wp\/v2\/posts"}],"about":[{"href":"https:\/\/zd-lendava.si\/hu\/wp-json\/wp\/v2\/types\/post"}],"author":[{"embeddable":true,"href":"https:\/\/zd-lendava.si\/hu\/wp-json\/wp\/v2\/users\/7"}],"replies":[{"embeddable":true,"href":"https:\/\/zd-lendava.si\/hu\/wp-json\/wp\/v2\/comments?post=2955"}],"version-history":[{"count":0,"href":"https:\/\/zd-lendava.si\/hu\/wp-json\/wp\/v2\/posts\/2955\/revisions"}],"wp:attachment":[{"href":"https:\/\/zd-lendava.si\/hu\/wp-json\/wp\/v2\/media?parent=2955"}],"wp:term":[{"taxonomy":"category","embeddable":true,"href":"https:\/\/zd-lendava.si\/hu\/wp-json\/wp\/v2\/categories?post=2955"},{"taxonomy":"post_tag","embeddable":true,"href":"https:\/\/zd-lendava.si\/hu\/wp-json\/wp\/v2\/tags?post=2955"}],"curies":[{"name":"wp","href":"https:\/\/api.w.org\/{rel}","templated":true}]}}