{"id":3722,"date":"2025-09-03T07:59:23","date_gmt":"2025-09-03T05:59:23","guid":{"rendered":"https:\/\/zd-lendava.si\/?p=3722"},"modified":"2025-09-30T07:10:34","modified_gmt":"2025-09-30T05:10:34","slug":"obvestilo-odsotnost-zoran-trajanovski-nadomescanje-september-2025-2","status":"publish","type":"post","link":"https:\/\/zd-lendava.si\/hu\/obvestilo-odsotnost-zoran-trajanovski-nadomescanje-september-2025-2\/","title":{"rendered":"Obvestilo \u2013 odsotnost Zoran Trajanovski + nadome\u0161\u010danje September 2025"},"content":{"rendered":"\n<p><\/p>\n\n\n\n<p>Obve\u0161\u010damo vas,da je od 01.08.2025 zobozdravnik Zoran Trajanovski,dr.dent.med <strong><u>trajno odsoten.<\/u><\/strong><\/p>\n\n\n\n<p><strong>Nadome\u0161\u010danje v mesecu <u>september 2025<\/u><\/strong>:<\/p>\n\n\n\n<p><strong><u>Rahela \u017di\u017eek Mraz,dr.dent.med.<\/u><\/strong><\/p>\n\n\n\n<p>&nbsp;\u010cETRTEK 04.09.2025 med 07.00 in 11.00 uro<\/p>\n\n\n\n<p>\u010cETRTEK 11.09.2025 med 07.00 in 11.00 uro<\/p>\n\n\n\n<p>\u010cETRTEK 18.09.2025 med 07.00 in 11.00 uro<\/p>\n\n\n\n<p>\u010cETRTEK 25.09.2025 med 07.00 in 11.00 uro<\/p>\n\n\n\n<p><strong><u>&nbsp;NERMINA SUBA\u0160I\u0106, dr.dent.med.<\/u><\/strong><\/p>\n\n\n\n<p>PONEDELJEK &nbsp;01.09.2025 OD 7:00 &nbsp;DO 10:00<\/p>\n\n\n\n<p>TOREK&nbsp;&nbsp;&nbsp;&nbsp;&nbsp;&nbsp;&nbsp;&nbsp;&nbsp;&nbsp;&nbsp;&nbsp;&nbsp; 02.09.2025 OD 16:00 DO 19:00<\/p>\n\n\n\n<p>PONEDELJEK &nbsp;15.09.2025 OD 7:00 DO 10:00<\/p>\n\n\n\n<p>TOREK&nbsp;&nbsp;&nbsp;&nbsp;&nbsp;&nbsp;&nbsp;&nbsp;&nbsp;&nbsp;&nbsp;&nbsp;&nbsp; 16.09.2025&nbsp; OD16:00 DO 19.00<\/p>\n\n\n\n<p>PONEDELJEK&nbsp; &nbsp;22.09.2025 OD 7:00 DO 10:00<\/p>\n\n\n\n<p>TOREK&nbsp;&nbsp;&nbsp;&nbsp;&nbsp;&nbsp;&nbsp;&nbsp;&nbsp;&nbsp;&nbsp;&nbsp;&nbsp; 23.09.2025 OD16:00 DO 19:00<\/p>\n\n\n\n<p>PONEDELJEK&nbsp; 29.09.2025 OD 7:00 DO 10:00<\/p>\n\n\n\n<p><\/p>\n","protected":false},"excerpt":{"rendered":"<p>Obve\u0161\u010damo vas,da je od 01.08.2025 zobozdravnik Zoran Trajanovski,dr.dent.med trajno odsoten. Nadome\u0161\u010danje v mesecu september 2025: Rahela \u017di\u017eek Mraz,dr.dent.med. &nbsp;\u010cETRTEK 04.09.2025 med 07.00 in 11.00 uro \u010cETRTEK 11.09.2025 med 07.00 in 11.00 uro \u010cETRTEK 18.09.2025 med 07.00 in 11.00 uro \u010cETRTEK 25.09.2025 med 07.00 in 11.00 uro &nbsp;NERMINA SUBA\u0160I\u0106, dr.dent.med. PONEDELJEK &nbsp;01.09.2025 OD 7:00 &nbsp;DO 10:00 [&hellip;]<\/p>\n","protected":false},"author":7,"featured_media":0,"comment_status":"closed","ping_status":"closed","sticky":false,"template":"","format":"standard","meta":{"_acf_changed":false,"footnotes":""},"categories":[],"tags":[],"class_list":["post-3722","post","type-post","status-publish","format-standard","hentry"],"acf":[],"_links":{"self":[{"href":"https:\/\/zd-lendava.si\/hu\/wp-json\/wp\/v2\/posts\/3722","targetHints":{"allow":["GET"]}}],"collection":[{"href":"https:\/\/zd-lendava.si\/hu\/wp-json\/wp\/v2\/posts"}],"about":[{"href":"https:\/\/zd-lendava.si\/hu\/wp-json\/wp\/v2\/types\/post"}],"author":[{"embeddable":true,"href":"https:\/\/zd-lendava.si\/hu\/wp-json\/wp\/v2\/users\/7"}],"replies":[{"embeddable":true,"href":"https:\/\/zd-lendava.si\/hu\/wp-json\/wp\/v2\/comments?post=3722"}],"version-history":[{"count":0,"href":"https:\/\/zd-lendava.si\/hu\/wp-json\/wp\/v2\/posts\/3722\/revisions"}],"wp:attachment":[{"href":"https:\/\/zd-lendava.si\/hu\/wp-json\/wp\/v2\/media?parent=3722"}],"wp:term":[{"taxonomy":"category","embeddable":true,"href":"https:\/\/zd-lendava.si\/hu\/wp-json\/wp\/v2\/categories?post=3722"},{"taxonomy":"post_tag","embeddable":true,"href":"https:\/\/zd-lendava.si\/hu\/wp-json\/wp\/v2\/tags?post=3722"}],"curies":[{"name":"wp","href":"https:\/\/api.w.org\/{rel}","templated":true}]}}