{"id":4074,"date":"2026-01-21T11:43:48","date_gmt":"2026-01-21T10:43:48","guid":{"rendered":"https:\/\/zd-lendava.si\/?p=4074"},"modified":"2026-01-22T07:24:52","modified_gmt":"2026-01-22T06:24:52","slug":"zvem-digi-pont","status":"publish","type":"post","link":"https:\/\/zd-lendava.si\/hu\/zvem-digi-pont\/","title":{"rendered":"zVEM Digi pont"},"content":{"rendered":"\n<p><strong>Tisztelt C\u00edmzett!<\/strong><\/p>\n\n\n\n<p>A Lendvai Eg\u00e9szs\u00e9gh\u00e1zban <strong>2026. janu\u00e1r 21. \u00e9s febru\u00e1r 17. k\u00f6z\u00f6tt, h\u00e9tf\u0151t\u0151l p\u00e9ntekig 8.00 \u00e9s 13.00 \u00f3ra k\u00f6z\u00f6tt el\u00e9rhet\u0151 a zVEM Digi pont,<\/strong> ahol a tan\u00e1csad\u00f3k minden sz\u00fcks\u00e9ges inform\u00e1ci\u00f3t megadnak, valamint seg\u00edts\u00e9get ny\u00fajtanak a zVEM port\u00e1lhoz val\u00f3 hozz\u00e1f\u00e9r\u00e9s l\u00e9trehoz\u00e1s\u00e1ban az eg\u00e9szs\u00e9gh\u00e1z l\u00e1togat\u00f3i sz\u00e1m\u00e1ra.<br><strong>Minden kedden \u00e9s cs\u00fct\u00f6rt\u00f6k\u00f6n 8.00 \u00e9s 12.00 \u00f3ra k\u00f6z\u00f6tt a <\/strong><strong>K\u00f6zigazgat\u00e1si Egys\u00e9g<\/strong><strong> munkat\u00e1rsai is rendelkez\u00e9sre \u00e1llnak, akik seg\u00edts\u00e9get ny\u00fajtanak az elektronikus szem\u00e9lyazonoss\u00e1g megszerz\u00e9s\u00e9ben.<\/strong><\/p>\n\n\n\n<p>A p\u00e1ciensek a zVEM rendszeren kereszt\u00fcl megtekinthetik leleteiket, receptjeiket, beutal\u00f3ikat \u00e9s vizsg\u00e1lati id\u0151pontjaikat, valamint a ki\u00e1ll\u00edtott betegszabads\u00e1g-igazol\u00e1sokat. A sz\u00fcl\u0151k hozz\u00e1f\u00e9rhetnek a 15 \u00e9v alatti gyermekeik adataihoz is. \u00dajdons\u00e1gk\u00e9nt a p\u00e1ciensek a zVEM-en kereszt\u00fcl id\u0151pontot is foglalhatnak kezel\u0151orvosukhoz.<\/p>\n\n\n\n<p>A Lendvai Eg\u00e9szs\u00e9gh\u00e1z zVEM Digi pontj\u00e1n a tan\u00e1csad\u00f3k seg\u00edts\u00e9get ny\u00fajtanak a zVEM port\u00e1l \u00e9s mobilalkalmaz\u00e1s hozz\u00e1f\u00e9r\u00e9s\u00e9nek be\u00e1ll\u00edt\u00e1s\u00e1ban, t\u00e1j\u00e9koztat\u00e1st adnak az \u00faj funkci\u00f3k haszn\u00e1lat\u00e1r\u00f3l, a zVEM aktiv\u00e1l\u00e1s\u00e1r\u00f3l, valamint seg\u00edts\u00e9get ny\u00fajtanak az \u00faj szem\u00e9lyi igazolv\u00e1ny aktiv\u00e1l\u00e1s\u00e1ban is. Ugyanakkor ezeken a helysz\u00edneken lehet\u0151s\u00e9g lesz <strong>smsPass<\/strong> <strong>digit\u00e1lis identit\u00e1s<\/strong> <strong>ig\u00e9nyl\u00e9s\u00e9re<\/strong> is, amely hozz\u00e1f\u00e9r\u00e9st biztos\u00edt a zVEM port\u00e1lhoz, valamint m\u00e1s digit\u00e1lis k\u00f6zszolg\u00e1ltat\u00e1sokhoz.<\/p>\n\n\n\n<p><strong>Szeretettel v\u00e1rjuk \u00d6n\u00f6ket!<\/strong><\/p>\n","protected":false},"excerpt":{"rendered":"<p>Tisztelt C\u00edmzett! A Lendvai Eg\u00e9szs\u00e9gh\u00e1zban 2026. janu\u00e1r 21. \u00e9s febru\u00e1r 17. k\u00f6z\u00f6tt, h\u00e9tf\u0151t\u0151l p\u00e9ntekig 8.00 \u00e9s 13.00 \u00f3ra k\u00f6z\u00f6tt el\u00e9rhet\u0151 a zVEM Digi pont, ahol a tan\u00e1csad\u00f3k minden sz\u00fcks\u00e9ges inform\u00e1ci\u00f3t megadnak, valamint seg\u00edts\u00e9get ny\u00fajtanak a zVEM port\u00e1lhoz val\u00f3 hozz\u00e1f\u00e9r\u00e9s l\u00e9trehoz\u00e1s\u00e1ban az eg\u00e9szs\u00e9gh\u00e1z l\u00e1togat\u00f3i sz\u00e1m\u00e1ra.Minden kedden \u00e9s cs\u00fct\u00f6rt\u00f6k\u00f6n 8.00 \u00e9s 12.00 \u00f3ra k\u00f6z\u00f6tt a K\u00f6zigazgat\u00e1si Egys\u00e9g [&hellip;]<\/p>\n","protected":false},"author":7,"featured_media":0,"comment_status":"closed","ping_status":"closed","sticky":false,"template":"","format":"standard","meta":{"_acf_changed":false,"footnotes":""},"categories":[],"tags":[],"class_list":["post-4074","post","type-post","status-publish","format-standard","hentry"],"acf":[],"_links":{"self":[{"href":"https:\/\/zd-lendava.si\/hu\/wp-json\/wp\/v2\/posts\/4074","targetHints":{"allow":["GET"]}}],"collection":[{"href":"https:\/\/zd-lendava.si\/hu\/wp-json\/wp\/v2\/posts"}],"about":[{"href":"https:\/\/zd-lendava.si\/hu\/wp-json\/wp\/v2\/types\/post"}],"author":[{"embeddable":true,"href":"https:\/\/zd-lendava.si\/hu\/wp-json\/wp\/v2\/users\/7"}],"replies":[{"embeddable":true,"href":"https:\/\/zd-lendava.si\/hu\/wp-json\/wp\/v2\/comments?post=4074"}],"version-history":[{"count":0,"href":"https:\/\/zd-lendava.si\/hu\/wp-json\/wp\/v2\/posts\/4074\/revisions"}],"wp:attachment":[{"href":"https:\/\/zd-lendava.si\/hu\/wp-json\/wp\/v2\/media?parent=4074"}],"wp:term":[{"taxonomy":"category","embeddable":true,"href":"https:\/\/zd-lendava.si\/hu\/wp-json\/wp\/v2\/categories?post=4074"},{"taxonomy":"post_tag","embeddable":true,"href":"https:\/\/zd-lendava.si\/hu\/wp-json\/wp\/v2\/tags?post=4074"}],"curies":[{"name":"wp","href":"https:\/\/api.w.org\/{rel}","templated":true}]}}