{"id":4097,"date":"2026-01-29T10:56:31","date_gmt":"2026-01-29T09:56:31","guid":{"rendered":"https:\/\/zd-lendava.si\/?p=4097"},"modified":"2026-01-31T10:50:43","modified_gmt":"2026-01-31T09:50:43","slug":"obvestilo-o-izvajanju-ortodontske-dejavnosti-v-zd-lendava","status":"publish","type":"post","link":"https:\/\/zd-lendava.si\/hu\/obvestilo-o-izvajanju-ortodontske-dejavnosti-v-zd-lendava\/","title":{"rendered":"\u00c9rtes\u00edt\u00e9s a fogszab\u00e1lyoz\u00e1si tev\u00e9kenys\u00e9g v\u00e9gz\u00e9s\u00e9r\u0151l a lendvai eg\u00e9szs\u00e9gh\u00e1zban"},"content":{"rendered":"\n<p>T\u00e1j\u00e9koztatjuk \u00f6n\u00f6ket, hogy 2026. janu\u00e1r 1-j\u00e9vel a lendvai eg\u00e9szs\u00e9gh\u00e1zban a fog\u00e1szati \u00e9s \u00e1llcsont-ortop\u00e9diai szakorvos megsz\u00fcntette tev\u00e9kenys\u00e9g\u00e9t.<\/p>\n\n\n\n<p>Emiatt a Lendvai Eg\u00e9szs\u00e9gh\u00e1z 0,5 fogszab\u00e1lyoz\u00f3i teamet visszaadott a Szlov\u00e9n Eg\u00e9szs\u00e9gbiztos\u00edt\u00e1si Int\u00e9zetnek (ZZZS). Ebb\u0151l 0,2 teamet \u00e1tvett a Gornja Radgona-i eg\u00e9szs\u00e9gh\u00e1z, amely m\u00e1r kit\u00f6lt\u00f6tte a 0,2 team kapacit\u00e1s\u00e1t, a fennmarad\u00f3 0,3 teamet pedig a ZZZS m\u00e9g nem osztotta ki \u00faj szolg\u00e1ltat\u00f3knak.<\/p>\n\n\n\n<p>A Lendvai Eg\u00e9szs\u00e9gh\u00e1z tov\u00e1bbra is arra t\u00f6rekszik, hogy a 0,5 team keret\u00e9ben biztos\u00edtsa a fogszab\u00e1lyoz\u00f3 szakorvost \u00e9s \u00fajraind\u00edtsa fogszab\u00e1lyoz\u00e1si tev\u00e9kenys\u00e9get.<\/p>\n\n\n\n<p>Minden tov\u00e1bbi fejlem\u00e9nyr\u0151l \u00e9s esetleges \u00fajdons\u00e1gr\u00f3l folyamatosan t\u00e1j\u00e9koztatni fogjuk \u00f6n\u00f6ket.<\/p>\n\n\n\n<p>A fogszab\u00e1lyoz\u00e1si tev\u00e9kenys\u00e9get v\u00e9gz\u0151 szolg\u00e1ltat\u00f3k list\u00e1ja a ZZZS honlapj\u00e1n tal\u00e1lhat\u00f3.<\/p>\n","protected":false},"excerpt":{"rendered":"<p>T\u00e1j\u00e9koztatjuk \u00f6n\u00f6ket, hogy 2026. janu\u00e1r 1-j\u00e9vel a lendvai eg\u00e9szs\u00e9gh\u00e1zban a fog\u00e1szati \u00e9s \u00e1llcsont-ortop\u00e9diai szakorvos megsz\u00fcntette tev\u00e9kenys\u00e9g\u00e9t. Emiatt a Lendvai Eg\u00e9szs\u00e9gh\u00e1z 0,5 fogszab\u00e1lyoz\u00f3i teamet visszaadott a Szlov\u00e9n Eg\u00e9szs\u00e9gbiztos\u00edt\u00e1si Int\u00e9zetnek (ZZZS). Ebb\u0151l 0,2 teamet \u00e1tvett a Gornja Radgona-i eg\u00e9szs\u00e9gh\u00e1z, amely m\u00e1r kit\u00f6lt\u00f6tte a 0,2 team kapacit\u00e1s\u00e1t, a fennmarad\u00f3 0,3 teamet pedig a ZZZS m\u00e9g nem osztotta ki [&hellip;]<\/p>\n","protected":false},"author":7,"featured_media":0,"comment_status":"closed","ping_status":"closed","sticky":false,"template":"","format":"standard","meta":{"_acf_changed":false,"footnotes":""},"categories":[],"tags":[],"class_list":["post-4097","post","type-post","status-publish","format-standard","hentry"],"acf":[],"_links":{"self":[{"href":"https:\/\/zd-lendava.si\/hu\/wp-json\/wp\/v2\/posts\/4097","targetHints":{"allow":["GET"]}}],"collection":[{"href":"https:\/\/zd-lendava.si\/hu\/wp-json\/wp\/v2\/posts"}],"about":[{"href":"https:\/\/zd-lendava.si\/hu\/wp-json\/wp\/v2\/types\/post"}],"author":[{"embeddable":true,"href":"https:\/\/zd-lendava.si\/hu\/wp-json\/wp\/v2\/users\/7"}],"replies":[{"embeddable":true,"href":"https:\/\/zd-lendava.si\/hu\/wp-json\/wp\/v2\/comments?post=4097"}],"version-history":[{"count":2,"href":"https:\/\/zd-lendava.si\/hu\/wp-json\/wp\/v2\/posts\/4097\/revisions"}],"predecessor-version":[{"id":4101,"href":"https:\/\/zd-lendava.si\/hu\/wp-json\/wp\/v2\/posts\/4097\/revisions\/4101"}],"wp:attachment":[{"href":"https:\/\/zd-lendava.si\/hu\/wp-json\/wp\/v2\/media?parent=4097"}],"wp:term":[{"taxonomy":"category","embeddable":true,"href":"https:\/\/zd-lendava.si\/hu\/wp-json\/wp\/v2\/categories?post=4097"},{"taxonomy":"post_tag","embeddable":true,"href":"https:\/\/zd-lendava.si\/hu\/wp-json\/wp\/v2\/tags?post=4097"}],"curies":[{"name":"wp","href":"https:\/\/api.w.org\/{rel}","templated":true}]}}