{"id":4146,"date":"2026-02-04T13:20:41","date_gmt":"2026-02-04T12:20:41","guid":{"rendered":"https:\/\/zd-lendava.si\/?p=4146"},"modified":"2026-02-06T13:47:52","modified_gmt":"2026-02-06T12:47:52","slug":"ertesites-fogszabalyozo-rendelo-megnyitasa-a-crensovci-egeszsegugyi-allomason","status":"publish","type":"post","link":"https:\/\/zd-lendava.si\/hu\/ertesites-fogszabalyozo-rendelo-megnyitasa-a-crensovci-egeszsegugyi-allomason\/","title":{"rendered":"\u00c9rtes\u00edt\u00e9s \u2013 fogszab\u00e1lyoz\u00f3 rendel\u0151 megnyit\u00e1sa a \u010cren\u0161ovci eg\u00e9szs\u00e9g\u00fcgyi \u00e1llom\u00e1son"},"content":{"rendered":"\n<p>2026 febru\u00e1r 4.<\/p>\n\n\n\n<p>Tisztelt p\u00e1ciensek!<\/p>\n\n\n\n<p>T\u00e1j\u00e9koztatjuk \u00d6n\u00f6ket, hogy <strong>2026. febru\u00e1r 11<\/strong>-t\u0151l \u00fajra megnyitja kapuit a <strong>fogszab\u00e1lyoz\u00f3 rendel\u0151.<\/strong><\/p>\n\n\n\n<p>A rendel\u0151 <strong>minden szerd\u00e1n d\u00e9lel\u0151tt 8.00 \u00e9s 13.00 k\u00f6z\u00f6tt<\/strong> lesz nyitva a <strong>\u010cren\u0161ovci eg\u00e9szs\u00e9g\u00fcgyi \u00e1llom\u00e1son<\/strong>, c\u00edme: <strong><em>Ulica Ju\u0161a Kramarja 6, 9232 \u010cren\u0161ovci<\/em><\/strong>.<\/p>\n\n\n\n<p>Tov\u00e1bbi inform\u00e1ci\u00f3k\u00e9rt h\u00edvjanak minket a <strong>031 767&nbsp;996-os<\/strong>&nbsp;telefonsz\u00e1mon, vagy \u00edrjanak nek\u00fcnk az <a href=\"mailto:ortodontija@zd-lendava.si\"><strong>ortodontija@zd-lendava.si<\/strong><\/a> email c\u00edmre, \u00e9spedig:<\/p>\n\n\n\n<ul class=\"wp-block-list\">\n<li><strong>h\u00e9tf\u0151n, kedden \u00e9s p\u00e9nteken:<\/strong>\u00a08-t\u00f3l 13 \u00f3r\u00e1ig<\/li>\n\n\n\n<li><strong>cs\u00fct\u00f6rt\u00f6k\u00f6n:<\/strong>\u00a011.30-t\u00f3l 14.30 \u00f3r\u00e1ig<\/li>\n<\/ul>\n\n\n\n<p>K\u00f6sz\u00f6nj\u00fck meg\u00e9rt\u00e9s\u00fcket.<\/p>\n\n\n\n<p><\/p>\n","protected":false},"excerpt":{"rendered":"<p>2026 febru\u00e1r 4. Tisztelt p\u00e1ciensek! T\u00e1j\u00e9koztatjuk \u00d6n\u00f6ket, hogy 2026. febru\u00e1r 11-t\u0151l \u00fajra megnyitja kapuit a fogszab\u00e1lyoz\u00f3 rendel\u0151. A rendel\u0151 minden szerd\u00e1n d\u00e9lel\u0151tt 8.00 \u00e9s 13.00 k\u00f6z\u00f6tt lesz nyitva a \u010cren\u0161ovci eg\u00e9szs\u00e9g\u00fcgyi \u00e1llom\u00e1son, c\u00edme: Ulica Ju\u0161a Kramarja 6, 9232 \u010cren\u0161ovci. Tov\u00e1bbi inform\u00e1ci\u00f3k\u00e9rt h\u00edvjanak minket a 031 767&nbsp;996-os&nbsp;telefonsz\u00e1mon, vagy \u00edrjanak nek\u00fcnk az ortodontija@zd-lendava.si email c\u00edmre, \u00e9spedig: K\u00f6sz\u00f6nj\u00fck [&hellip;]<\/p>\n","protected":false},"author":7,"featured_media":0,"comment_status":"closed","ping_status":"closed","sticky":false,"template":"","format":"standard","meta":{"_acf_changed":false,"footnotes":""},"categories":[],"tags":[],"class_list":["post-4146","post","type-post","status-publish","format-standard","hentry"],"acf":[],"_links":{"self":[{"href":"https:\/\/zd-lendava.si\/hu\/wp-json\/wp\/v2\/posts\/4146","targetHints":{"allow":["GET"]}}],"collection":[{"href":"https:\/\/zd-lendava.si\/hu\/wp-json\/wp\/v2\/posts"}],"about":[{"href":"https:\/\/zd-lendava.si\/hu\/wp-json\/wp\/v2\/types\/post"}],"author":[{"embeddable":true,"href":"https:\/\/zd-lendava.si\/hu\/wp-json\/wp\/v2\/users\/7"}],"replies":[{"embeddable":true,"href":"https:\/\/zd-lendava.si\/hu\/wp-json\/wp\/v2\/comments?post=4146"}],"version-history":[{"count":1,"href":"https:\/\/zd-lendava.si\/hu\/wp-json\/wp\/v2\/posts\/4146\/revisions"}],"predecessor-version":[{"id":4147,"href":"https:\/\/zd-lendava.si\/hu\/wp-json\/wp\/v2\/posts\/4146\/revisions\/4147"}],"wp:attachment":[{"href":"https:\/\/zd-lendava.si\/hu\/wp-json\/wp\/v2\/media?parent=4146"}],"wp:term":[{"taxonomy":"category","embeddable":true,"href":"https:\/\/zd-lendava.si\/hu\/wp-json\/wp\/v2\/categories?post=4146"},{"taxonomy":"post_tag","embeddable":true,"href":"https:\/\/zd-lendava.si\/hu\/wp-json\/wp\/v2\/tags?post=4146"}],"curies":[{"name":"wp","href":"https:\/\/api.w.org\/{rel}","templated":true}]}}